{"id":911,"date":"2022-02-06T15:55:19","date_gmt":"2022-02-06T14:55:19","guid":{"rendered":"https:\/\/www.dw-a.es\/energias-renovables-como-campo-de-cooperacion\/"},"modified":"2025-02-10T12:48:17","modified_gmt":"2025-02-10T11:48:17","slug":"energias-renovables-como-campo-de-cooperacion","status":"publish","type":"post","link":"https:\/\/www.dw-a.es\/es\/energias-renovables-como-campo-de-cooperacion\/","title":{"rendered":"Energ\u00edas renovables como campo de cooperaci\u00f3n"},"content":{"rendered":"\t\t<div data-elementor-type=\"wp-post\" data-elementor-id=\"911\" class=\"elementor elementor-911 elementor-167\" data-elementor-post-type=\"post\">\n\t\t\t\t\t\t<section class=\"elementor-section elementor-top-section elementor-element elementor-element-333d88b8 elementor-section-boxed elementor-section-height-default elementor-section-height-default\" data-id=\"333d88b8\" data-element_type=\"section\" data-e-type=\"section\">\n\t\t\t\t\t\t<div class=\"elementor-container elementor-column-gap-default\">\n\t\t\t\t\t<div class=\"elementor-column elementor-col-100 elementor-top-column elementor-element elementor-element-99f3f1f\" data-id=\"99f3f1f\" data-element_type=\"column\" data-e-type=\"column\">\n\t\t\t<div class=\"elementor-widget-wrap elementor-element-populated\">\n\t\t\t\t\t\t<div class=\"elementor-element elementor-element-600c7b9d elementor-widget elementor-widget-text-editor\" data-id=\"600c7b9d\" data-element_type=\"widget\" data-e-type=\"widget\" data-widget_type=\"text-editor.default\">\n\t\t\t\t<div class=\"elementor-widget-container\">\n\t\t\t\t\t\t\t\t\t<p>Las #energ\u00edas #renovables son un \u00e1mbito de cooperaci\u00f3n entre empresas e investigadores alemanes y espa\u00f1oles.<br>La <a href=\"https:\/\/www.linkedin.com\/company\/camara-de-comercio-alemana-para-espana\/\" rel=\"nofollow noopener\" target=\"_blank\">C\u00e1mara de Comercio Alemana para Espa\u00f1a<\/a> \/ Deutsche Handelskammer f\u00fcr Spanien organiza unas jornadas t\u00e9cnicas sobre el #<a href=\"https:\/\/www.linkedin.com\/feed\/hashtag\/?keywords=wasserstoff&amp;highlightedUpdateUrns=urn%3Ali%3Aactivity%3A6894929511977472000\" rel=\"nofollow noopener\" target=\"_blank\">hidr\u00f3geno<\/a> en las que se puede participar digitalmente.<\/p><p>+ informaci\u00f3n: <a href=\"https:\/\/www.ahk.es\/es\/eventos\/eventos-detalles\/15022022-i-jornada-hispano-alemana-de-hidrogeno-verde\" rel=\"nofollow noopener\" target=\"_blank\">https:\/\/lnkd.in\/d5XHyewm<\/a><\/p>\t\t\t\t\t\t\t\t<\/div>\n\t\t\t\t<\/div>\n\t\t\t\t\t<\/div>\n\t\t<\/div>\n\t\t\t\t\t<\/div>\n\t\t<\/section>\n\t\t\t\t<\/div>\n\t\t","protected":false},"excerpt":{"rendered":"<p>Las energ\u00edas renovables son un \u00e1mbito de cooperaci\u00f3n entre empresas e investigadores alemanes y espa\u00f1oles.<\/p>\n","protected":false},"author":1,"featured_media":716,"comment_status":"closed","ping_status":"closed","sticky":false,"template":"","format":"standard","meta":{"footnotes":""},"categories":[23],"tags":[],"class_list":["post-911","post","type-post","status-publish","format-standard","has-post-thumbnail","hentry","category-partner-es"],"_links":{"self":[{"href":"https:\/\/www.dw-a.es\/es\/wp-json\/wp\/v2\/posts\/911","targetHints":{"allow":["GET"]}}],"collection":[{"href":"https:\/\/www.dw-a.es\/es\/wp-json\/wp\/v2\/posts"}],"about":[{"href":"https:\/\/www.dw-a.es\/es\/wp-json\/wp\/v2\/types\/post"}],"author":[{"embeddable":true,"href":"https:\/\/www.dw-a.es\/es\/wp-json\/wp\/v2\/users\/1"}],"replies":[{"embeddable":true,"href":"https:\/\/www.dw-a.es\/es\/wp-json\/wp\/v2\/comments?post=911"}],"version-history":[{"count":2,"href":"https:\/\/www.dw-a.es\/es\/wp-json\/wp\/v2\/posts\/911\/revisions"}],"predecessor-version":[{"id":1425,"href":"https:\/\/www.dw-a.es\/es\/wp-json\/wp\/v2\/posts\/911\/revisions\/1425"}],"wp:featuredmedia":[{"embeddable":true,"href":"https:\/\/www.dw-a.es\/es\/wp-json\/wp\/v2\/media\/716"}],"wp:attachment":[{"href":"https:\/\/www.dw-a.es\/es\/wp-json\/wp\/v2\/media?parent=911"}],"wp:term":[{"taxonomy":"category","embeddable":true,"href":"https:\/\/www.dw-a.es\/es\/wp-json\/wp\/v2\/categories?post=911"},{"taxonomy":"post_tag","embeddable":true,"href":"https:\/\/www.dw-a.es\/es\/wp-json\/wp\/v2\/tags?post=911"}],"curies":[{"name":"wp","href":"https:\/\/api.w.org\/{rel}","templated":true}]}}