{"id":910,"date":"2022-02-06T15:56:03","date_gmt":"2022-02-06T14:56:03","guid":{"rendered":"https:\/\/www.dw-a.es\/visita-al-parque-tecnologico-de-malaga\/"},"modified":"2025-02-10T12:48:32","modified_gmt":"2025-02-10T11:48:32","slug":"visita-al-parque-tecnologico-de-malaga","status":"publish","type":"post","link":"https:\/\/www.dw-a.es\/es\/visita-al-parque-tecnologico-de-malaga\/","title":{"rendered":"Visita al Parque Tecnol\u00f3gico de M\u00e1laga"},"content":{"rendered":"<p>Hoy, acompa\u00f1ados por el C\u00f3nsul de #Alemania en Andaluc\u00eda D. Arnulf Braun, hemos realizado una visita al equipo directivo del <a href=\"https:\/\/www.linkedin.com\/company\/malaga-techpark\/\" rel=\"nofollow noopener\" target=\"_blank\">Malaga TechPark | Parque Tecnol\u00f3gico de Andaluc\u00eda<\/a> con el fin de evaluar posibles l\u00edneas de colaboraci\u00f3n que potencien el desarrollo de proyectos hispano alemanes en el \u00e1mbito de la <a href=\"https:\/\/www.linkedin.com\/feed\/hashtag\/?keywords=technologie&amp;highlightedUpdateUrns=urn%3Ali%3Aactivity%3A6894279323289735168\" rel=\"nofollow noopener\" target=\"_blank\">#tecnolog\u00eda<\/a>, la <a href=\"https:\/\/www.linkedin.com\/feed\/hashtag\/?keywords=innovation&amp;highlightedUpdateUrns=urn%3Ali%3Aactivity%3A6894279323289735168\" rel=\"nofollow noopener\" target=\"_blank\">#innovaci\u00f3n<\/a>, el <a href=\"https:\/\/www.linkedin.com\/feed\/hashtag\/?keywords=umwelt&amp;highlightedUpdateUrns=urn%3Ali%3Aactivity%3A6894279323289735168\" rel=\"nofollow noopener\" target=\"_blank\">#medioambiente<\/a>y la <a href=\"https:\/\/www.linkedin.com\/feed\/hashtag\/?keywords=berufsausbildung&amp;highlightedUpdateUrns=urn%3Ali%3Aactivity%3A6894279323289735168\" rel=\"nofollow noopener\" target=\"_blank\">#formaci\u00f3n<\/a>. La delegaci\u00f3n de DWA estaba encabezada por el presidente Fernando Fr\u00fchbeck y formada por Tom\u00e1s P\u00e9rez Benz, Vicepresidente, G\u00fcnter Kreher Secretario General y Prof. Dr. Dieter Puchta, vocal de la Junta Directiva. #Colaboraci\u00f3n #Cooperaci\u00f3n<\/p>\n","protected":false},"excerpt":{"rendered":"<p>Hoy, acompa\u00f1ados por el C\u00f3nsul de Alemania en Andaluc\u00eda D. Arnulf Braun, hemos realizado una visita al equipo directivo del Malaga TechPark | Parque Tecnol\u00f3gico de Andaluc\u00eda.<\/p>\n","protected":false},"author":1,"featured_media":714,"comment_status":"closed","ping_status":"closed","sticky":false,"template":"","format":"standard","meta":{"footnotes":""},"categories":[22],"tags":[],"class_list":["post-910","post","type-post","status-publish","format-standard","has-post-thumbnail","hentry","category-dwa-es"],"_links":{"self":[{"href":"https:\/\/www.dw-a.es\/es\/wp-json\/wp\/v2\/posts\/910","targetHints":{"allow":["GET"]}}],"collection":[{"href":"https:\/\/www.dw-a.es\/es\/wp-json\/wp\/v2\/posts"}],"about":[{"href":"https:\/\/www.dw-a.es\/es\/wp-json\/wp\/v2\/types\/post"}],"author":[{"embeddable":true,"href":"https:\/\/www.dw-a.es\/es\/wp-json\/wp\/v2\/users\/1"}],"replies":[{"embeddable":true,"href":"https:\/\/www.dw-a.es\/es\/wp-json\/wp\/v2\/comments?post=910"}],"version-history":[{"count":1,"href":"https:\/\/www.dw-a.es\/es\/wp-json\/wp\/v2\/posts\/910\/revisions"}],"predecessor-version":[{"id":1426,"href":"https:\/\/www.dw-a.es\/es\/wp-json\/wp\/v2\/posts\/910\/revisions\/1426"}],"wp:featuredmedia":[{"embeddable":true,"href":"https:\/\/www.dw-a.es\/es\/wp-json\/wp\/v2\/media\/714"}],"wp:attachment":[{"href":"https:\/\/www.dw-a.es\/es\/wp-json\/wp\/v2\/media?parent=910"}],"wp:term":[{"taxonomy":"category","embeddable":true,"href":"https:\/\/www.dw-a.es\/es\/wp-json\/wp\/v2\/categories?post=910"},{"taxonomy":"post_tag","embeddable":true,"href":"https:\/\/www.dw-a.es\/es\/wp-json\/wp\/v2\/tags?post=910"}],"curies":[{"name":"wp","href":"https:\/\/api.w.org\/{rel}","templated":true}]}}