{"id":909,"date":"2022-03-22T09:26:41","date_gmt":"2022-03-22T08:26:41","guid":{"rendered":"https:\/\/www.dw-a.es\/mision-comercial-a-alemania\/"},"modified":"2025-02-10T12:49:01","modified_gmt":"2025-02-10T11:49:01","slug":"mision-comercial-a-alemania","status":"publish","type":"post","link":"https:\/\/www.dw-a.es\/es\/mision-comercial-a-alemania\/","title":{"rendered":"Misi\u00f3n comercial a Alemania"},"content":{"rendered":"<p><a href=\"https:\/\/www.linkedin.com\/company\/extendajunta?trk=public_post_share-update_update-text\" rel=\"nofollow noopener\" data-tracking-control-name=\"public_post_share-update_update-text\" data-tracking-will-navigate=\"\" target=\"_blank\">Extenda &#8211; Andaluc\u00eda Exportaci\u00f3n e Inversi\u00f3n Extranjera<\/a>, en colaboraci\u00f3n con <a href=\"https:\/\/www.linkedin.com\/company\/malaga-techpark?trk=public_post_share-update_update-text\" rel=\"nofollow noopener\" data-tracking-control-name=\"public_post_share-update_update-text\" data-tracking-will-navigate=\"\" target=\"_blank\">Malaga TechPark | Parque Tecnol\u00f3gico de Andaluc\u00eda<\/a> organiza una misi\u00f3n comercial a <a href=\"https:\/\/www.linkedin.com\/signup\/cold-join?session_redirect=https%3A%2F%2Fwww%2Elinkedin%2Ecom%2Ffeed%2Fhashtag%2Fdeutschland&amp;trk=public_post_share-update_update-text\" rel=\"nofollow noopener\" data-tracking-control-name=\"public_post_share-update_update-text\" data-tracking-will-navigate=\"\" target=\"_blank\">#Alemania<\/a> para empresas del sector #<a href=\"https:\/\/www.linkedin.com\/signup\/cold-join?session_redirect=https%3A%2F%2Fwww%2Elinkedin%2Ecom%2Ffeed%2Fhashtag%2Fikt&amp;trk=public_post_share-update_update-text\" rel=\"nofollow noopener\" data-tracking-control-name=\"public_post_share-update_update-text\" data-tracking-will-navigate=\"\" target=\"_blank\">TIC<\/a>. Durante la misi\u00f3n se realizar\u00e1 una visita al <a href=\"https:\/\/www.linkedin.com\/company\/wista-management-gmbh?trk=public_post_share-update_update-text\" rel=\"nofollow noopener\" data-tracking-control-name=\"public_post_share-update_update-text\" data-tracking-will-navigate=\"\" target=\"_blank\">Parque Tecnol\u00f3gico WISTA Management GmbH<\/a>. Se trata de uno de los parques empresariales y tecnol\u00f3gicos m\u00e1s grandes de #Alemania con empresas, la mayor\u00eda peque\u00f1as y medianas o startups. En total hay unas 1200 empresas adscritas al parque. Las bases de la convocatoria est\u00e1n disponibles en: <a href=\"https:\/\/lnkd.in\/e7Gb--Zp?trk=public_post_share-update_update-text\" rel=\"nofollow noopener\" data-tracking-control-name=\"public_post_share-update_update-text\" data-tracking-will-navigate=\"\" target=\"_blank\">https:\/\/lnkd.in\/e7Gb&#8211;Zp<\/a> Las inscripciones pueden realizarse a trav\u00e9s del siguiente enlace: <a href=\"https:\/\/lnkd.in\/dP7gCXgx?trk=public_post_share-update_update-text\" rel=\"nofollow noopener\" data-tracking-control-name=\"public_post_share-update_update-text\" data-tracking-will-navigate=\"\" target=\"_blank\">https:\/\/lnkd.in\/dP7gCXgx<\/a> +info: <a href=\"https:\/\/lnkd.in\/e_GN-mig?trk=public_post_share-update_update-text\" rel=\"nofollow noopener\" data-tracking-control-name=\"public_post_share-update_update-text\" data-tracking-will-navigate=\"\" target=\"_blank\">https:\/\/lnkd.in\/e_GN-mig<\/a><\/p>\n","protected":false},"excerpt":{"rendered":"<p>Extenda en colaboraci\u00f3n con Malaga TechPark organiza una misi\u00f3n comercial a #Alemania.<\/p>\n","protected":false},"author":2,"featured_media":886,"comment_status":"closed","ping_status":"closed","sticky":false,"template":"","format":"standard","meta":{"footnotes":""},"categories":[23],"tags":[],"class_list":["post-909","post","type-post","status-publish","format-standard","has-post-thumbnail","hentry","category-partner-es"],"_links":{"self":[{"href":"https:\/\/www.dw-a.es\/es\/wp-json\/wp\/v2\/posts\/909","targetHints":{"allow":["GET"]}}],"collection":[{"href":"https:\/\/www.dw-a.es\/es\/wp-json\/wp\/v2\/posts"}],"about":[{"href":"https:\/\/www.dw-a.es\/es\/wp-json\/wp\/v2\/types\/post"}],"author":[{"embeddable":true,"href":"https:\/\/www.dw-a.es\/es\/wp-json\/wp\/v2\/users\/2"}],"replies":[{"embeddable":true,"href":"https:\/\/www.dw-a.es\/es\/wp-json\/wp\/v2\/comments?post=909"}],"version-history":[{"count":1,"href":"https:\/\/www.dw-a.es\/es\/wp-json\/wp\/v2\/posts\/909\/revisions"}],"predecessor-version":[{"id":1428,"href":"https:\/\/www.dw-a.es\/es\/wp-json\/wp\/v2\/posts\/909\/revisions\/1428"}],"wp:featuredmedia":[{"embeddable":true,"href":"https:\/\/www.dw-a.es\/es\/wp-json\/wp\/v2\/media\/886"}],"wp:attachment":[{"href":"https:\/\/www.dw-a.es\/es\/wp-json\/wp\/v2\/media?parent=909"}],"wp:term":[{"taxonomy":"category","embeddable":true,"href":"https:\/\/www.dw-a.es\/es\/wp-json\/wp\/v2\/categories?post=909"},{"taxonomy":"post_tag","embeddable":true,"href":"https:\/\/www.dw-a.es\/es\/wp-json\/wp\/v2\/tags?post=909"}],"curies":[{"name":"wp","href":"https:\/\/api.w.org\/{rel}","templated":true}]}}