{"id":907,"date":"2022-03-09T12:01:53","date_gmt":"2022-03-09T11:01:53","guid":{"rendered":"https:\/\/www.dw-a.es\/reunion-con-el-alcalde-de-malaga\/"},"modified":"2025-02-10T12:48:41","modified_gmt":"2025-02-10T11:48:41","slug":"reunion-con-el-alcalde-de-malaga","status":"publish","type":"post","link":"https:\/\/www.dw-a.es\/es\/reunion-con-el-alcalde-de-malaga\/","title":{"rendered":"Reuni\u00f3n con el alcalde de M\u00e1laga"},"content":{"rendered":"<p>Una delegaci\u00f3n del Foro Econ\u00f3mico Alem\u00e1n en Andaluc\u00eda se reuni\u00f3 con el alcalde de <a href=\"https:\/\/www.linkedin.com\/company\/ayuntamientodemalaga\/\" rel=\"nofollow noopener\" target=\"_blank\">M\u00e1laga<\/a>, Francisco de la Torre Prados, en el Foro <a href=\"https:\/\/www.linkedin.com\/company\/transfiere\/\" rel=\"nofollow noopener\" target=\"_blank\">Transfiere<\/a> para evaluar nuevas v\u00edas de <a href=\"https:\/\/www.linkedin.com\/feed\/hashtag\/?keywords=zusammenarbeit&amp;highlightedUpdateUrns=urn%3Ali%3Aactivity%3A6900146015274381313\" rel=\"nofollow noopener\" target=\"_blank\">#colaboraci\u00f3n<\/a> que afiancen los lazos comerciales entre <a href=\"https:\/\/www.linkedin.com\/feed\/hashtag\/?keywords=m%C3%A1laga&amp;highlightedUpdateUrns=urn%3Ali%3Aactivity%3A6900146015274381313\" rel=\"nofollow noopener\" target=\"_blank\">#M\u00e1laga<\/a> y <a href=\"https:\/\/www.linkedin.com\/feed\/hashtag\/?keywords=deutschland&amp;highlightedUpdateUrns=urn%3Ali%3Aactivity%3A6900146015274381313\" rel=\"nofollow noopener\" target=\"_blank\">#Alemania<\/a>.<\/p>\n","protected":false},"excerpt":{"rendered":"<p>Una delegaci\u00f3n del Foro Econ\u00f3mico Alem\u00e1n en Andaluc\u00eda se reuni\u00f3 con el alcalde de M\u00e1laga.<\/p>\n","protected":false},"author":1,"featured_media":715,"comment_status":"closed","ping_status":"closed","sticky":false,"template":"","format":"standard","meta":{"footnotes":""},"categories":[22],"tags":[],"class_list":["post-907","post","type-post","status-publish","format-standard","has-post-thumbnail","hentry","category-dwa-es"],"_links":{"self":[{"href":"https:\/\/www.dw-a.es\/es\/wp-json\/wp\/v2\/posts\/907","targetHints":{"allow":["GET"]}}],"collection":[{"href":"https:\/\/www.dw-a.es\/es\/wp-json\/wp\/v2\/posts"}],"about":[{"href":"https:\/\/www.dw-a.es\/es\/wp-json\/wp\/v2\/types\/post"}],"author":[{"embeddable":true,"href":"https:\/\/www.dw-a.es\/es\/wp-json\/wp\/v2\/users\/1"}],"replies":[{"embeddable":true,"href":"https:\/\/www.dw-a.es\/es\/wp-json\/wp\/v2\/comments?post=907"}],"version-history":[{"count":2,"href":"https:\/\/www.dw-a.es\/es\/wp-json\/wp\/v2\/posts\/907\/revisions"}],"predecessor-version":[{"id":1427,"href":"https:\/\/www.dw-a.es\/es\/wp-json\/wp\/v2\/posts\/907\/revisions\/1427"}],"wp:featuredmedia":[{"embeddable":true,"href":"https:\/\/www.dw-a.es\/es\/wp-json\/wp\/v2\/media\/715"}],"wp:attachment":[{"href":"https:\/\/www.dw-a.es\/es\/wp-json\/wp\/v2\/media?parent=907"}],"wp:term":[{"taxonomy":"category","embeddable":true,"href":"https:\/\/www.dw-a.es\/es\/wp-json\/wp\/v2\/categories?post=907"},{"taxonomy":"post_tag","embeddable":true,"href":"https:\/\/www.dw-a.es\/es\/wp-json\/wp\/v2\/tags?post=907"}],"curies":[{"name":"wp","href":"https:\/\/api.w.org\/{rel}","templated":true}]}}