{"id":1785,"date":"2025-06-02T13:13:52","date_gmt":"2025-06-02T11:13:52","guid":{"rendered":"https:\/\/www.dw-a.es\/50-unternehmen-nehmen-am-spanisch-deutschen-wirtschaftstreffen-in-montilla-cordoba-teil\/"},"modified":"2025-06-02T13:21:18","modified_gmt":"2025-06-02T11:21:18","slug":"50-empresas-asisten-al-encuentro-empresarial-hispano-aleman-en-montilla-cordoba","status":"publish","type":"post","link":"https:\/\/www.dw-a.es\/es\/50-empresas-asisten-al-encuentro-empresarial-hispano-aleman-en-montilla-cordoba\/","title":{"rendered":"50 empresas asisten al encuentro empresarial hispano-alem\u00e1n en Montilla, C\u00f3rdoba"},"content":{"rendered":"<p><em>Delegaciones empresariales de C\u00f3rdoba y Alemania <strong>exploran oportunidades conjuntas<\/strong> en sectores clave como la <strong>industria<\/strong>, el <strong>turismo<\/strong> y las <strong>energ\u00edas renovables<\/strong><\/em><\/p>\n<p><em>Montilla\/C\u00f3rdoba, 30 de mayo de 2025 \u2013 <\/em>Este viernes, la localidad andaluza de Montilla acogi\u00f3 un <strong>foro empresarial bilateral<\/strong> en el que participaron alrededor de <strong>50 empresarios de Alemania y de la provincia de C\u00f3rdoba<\/strong>. El evento fue organizado por el <strong>DEUTSCHES WIRTSCHAFTSFORUM ANDALUSIEN (DWA)<\/strong> en colaboraci\u00f3n con el <strong>Ayuntamiento de Montilla<\/strong>, la asociaci\u00f3n de empresarios <strong>ADEMO<\/strong> y la <strong>Confederaci\u00f3n de Empresarios de C\u00f3rdoba (CECO)<\/strong>.<\/p>\n<p><img fetchpriority=\"high\" decoding=\"async\" class=\"size-medium wp-image-1777 aligncenter\" src=\"https:\/\/www.dw-a.es\/wp-content\/uploads\/50-Unternehmen-nehmen-am-spanisch-deutschen-Wirtschaftstreffen-2-640x360.webp\" alt=\"\" width=\"640\" height=\"360\" srcset=\"https:\/\/www.dw-a.es\/wp-content\/uploads\/50-Unternehmen-nehmen-am-spanisch-deutschen-Wirtschaftstreffen-2-640x360.webp 640w, https:\/\/www.dw-a.es\/wp-content\/uploads\/50-Unternehmen-nehmen-am-spanisch-deutschen-Wirtschaftstreffen-2-800x450.webp 800w, https:\/\/www.dw-a.es\/wp-content\/uploads\/50-Unternehmen-nehmen-am-spanisch-deutschen-Wirtschaftstreffen-2-768x432.webp 768w, https:\/\/www.dw-a.es\/wp-content\/uploads\/50-Unternehmen-nehmen-am-spanisch-deutschen-Wirtschaftstreffen-2.webp 1496w\" sizes=\"(max-width: 640px) 100vw, 640px\" \/><\/p>\n<p>El encuentro se centr\u00f3 en el fortalecimiento de alianzas estrat\u00e9gicas y en la identificaci\u00f3n de <strong>nuevas \u00e1reas de negocio<\/strong>, especialmente en el contexto de las <strong>transformaciones globales.<\/strong> Se abordaron <strong>oportunidades de inversi\u00f3n<\/strong> en sectores como la <strong>industria<\/strong>, los <strong>servicios digitales<\/strong>, el <strong>turismo sostenible<\/strong> y las <strong>energ\u00edas limpias<\/strong>.<\/p>\n<p><strong>Pepe M\u00e1rquez, presidente de ADEMO<\/strong>, destac\u00f3 la <strong>solidez de las relaciones econ\u00f3micas<\/strong> entre Alemania y Espa\u00f1a, y subray\u00f3 que \u201ceste foro ofrece una <strong>plataforma para profundizar a\u00fan m\u00e1s en esa cooperaci\u00f3n<\/strong>\u201d.<\/p>\n<p><strong>Franko Stritt, c\u00f3nsul alem\u00e1n en Andaluc\u00eda<\/strong>, resalt\u00f3 el creciente papel de <strong>Espa\u00f1a como destino de inversi\u00f3n directa alemana<\/strong> en el sur de Europa: \u201cAlemania ve en Espa\u00f1a no solo un mercado, sino un <strong>socio estrat\u00e9gico para proyectos sostenibles e internacionales<\/strong>\u201d, afirm\u00f3.<\/p>\n<p><img decoding=\"async\" class=\"size-medium wp-image-1779 aligncenter\" src=\"https:\/\/www.dw-a.es\/wp-content\/uploads\/50-Unternehmen-nehmen-am-spanisch-deutschen-Wirtschaftstreffen-3-533x400.webp\" alt=\"\" width=\"533\" height=\"400\" srcset=\"https:\/\/www.dw-a.es\/wp-content\/uploads\/50-Unternehmen-nehmen-am-spanisch-deutschen-Wirtschaftstreffen-3-533x400.webp 533w, https:\/\/www.dw-a.es\/wp-content\/uploads\/50-Unternehmen-nehmen-am-spanisch-deutschen-Wirtschaftstreffen-3-666x500.webp 666w, https:\/\/www.dw-a.es\/wp-content\/uploads\/50-Unternehmen-nehmen-am-spanisch-deutschen-Wirtschaftstreffen-3-768x576.webp 768w, https:\/\/www.dw-a.es\/wp-content\/uploads\/50-Unternehmen-nehmen-am-spanisch-deutschen-Wirtschaftstreffen-3.webp 1077w\" sizes=\"(max-width: 533px) 100vw, 533px\" \/><\/p>\n<p>Por su parte, <strong>Fernando Fr\u00fchbeck, presidente del DWA<\/strong>, destac\u00f3 el papel de los <strong>empresarios alemanes radicados en Andaluc\u00eda<\/strong> en la creaci\u00f3n de <strong>modelos de negocio innovadores<\/strong> en \u00e1mbitos como las <strong>energ\u00edas verdes<\/strong>, las <strong>tecnolog\u00edas del agua<\/strong> y las <strong>infraestructuras digitales<\/strong>: \u201cSu contribuci\u00f3n es <strong>clave para la diversificaci\u00f3n econ\u00f3mica de la regi\u00f3n<\/strong>\u201d, se\u00f1al\u00f3.<\/p>\n<p>El <strong>alcalde de Montilla, Rafael Llamas<\/strong>, defendi\u00f3 el papel activo de <strong>los municipios como agentes de desarrollo econ\u00f3mico<\/strong>:<br \/>\n\u201cCiudades como Montilla deben contribuir activamente a <strong>mejorar las condiciones de inversi\u00f3n<\/strong> y a conectar a los emprendedores\u201d, afirm\u00f3 durante su intervenci\u00f3n.<\/p>\n<p><img decoding=\"async\" class=\"size-medium wp-image-1781 aligncenter\" src=\"https:\/\/www.dw-a.es\/wp-content\/uploads\/50-Unternehmen-nehmen-am-spanisch-deutschen-Wirtschaftstreffen-4-640x358.webp\" alt=\"\" width=\"640\" height=\"358\" srcset=\"https:\/\/www.dw-a.es\/wp-content\/uploads\/50-Unternehmen-nehmen-am-spanisch-deutschen-Wirtschaftstreffen-4-640x358.webp 640w, https:\/\/www.dw-a.es\/wp-content\/uploads\/50-Unternehmen-nehmen-am-spanisch-deutschen-Wirtschaftstreffen-4-800x448.webp 800w, https:\/\/www.dw-a.es\/wp-content\/uploads\/50-Unternehmen-nehmen-am-spanisch-deutschen-Wirtschaftstreffen-4-768x430.webp 768w, https:\/\/www.dw-a.es\/wp-content\/uploads\/50-Unternehmen-nehmen-am-spanisch-deutschen-Wirtschaftstreffen-4-1536x859.webp 1536w, https:\/\/www.dw-a.es\/wp-content\/uploads\/50-Unternehmen-nehmen-am-spanisch-deutschen-Wirtschaftstreffen-4.webp 1600w\" sizes=\"(max-width: 640px) 100vw, 640px\" \/><\/p>\n<p>Durante la jornada se celebraron <strong>m\u00faltiples reuniones bilaterales<\/strong> entre empresas alemanas y espa\u00f1olas, con el objetivo de identificar <strong>oportunidades de colaboraci\u00f3n concretas<\/strong>, especialmente enfocadas en el \u00e1mbito del tejido productivo y de la innovaci\u00f3n tecnol\u00f3gica.<\/p>\n<p>El programa del encuentro incluy\u00f3 adem\u00e1s <strong>visitas a dos referentes vitivin\u00edcolas<\/strong> de la zona: las <strong>Bodegas Robles S.L.<\/strong>, pionera en la <strong>producci\u00f3n de vinos ecol\u00f3gicos<\/strong>, y la <strong>hist\u00f3rica Bodegas Alvear<\/strong>, donde los asistentes pudieron conocer de primera mano sus procesos productivos y el potencial del sector vin\u00edcola como <strong>motor econ\u00f3mico vinculado a la sostenibilidad y la proyecci\u00f3n internacional<\/strong>.<\/p>\n<p><img loading=\"lazy\" decoding=\"async\" class=\"size-medium wp-image-1783 aligncenter\" src=\"https:\/\/www.dw-a.es\/wp-content\/uploads\/50-Unternehmen-nehmen-am-spanisch-deutschen-Wirtschaftstreffen-5-300x400.webp\" alt=\"\" width=\"300\" height=\"400\" srcset=\"https:\/\/www.dw-a.es\/wp-content\/uploads\/50-Unternehmen-nehmen-am-spanisch-deutschen-Wirtschaftstreffen-5-300x400.webp 300w, https:\/\/www.dw-a.es\/wp-content\/uploads\/50-Unternehmen-nehmen-am-spanisch-deutschen-Wirtschaftstreffen-5-375x500.webp 375w, https:\/\/www.dw-a.es\/wp-content\/uploads\/50-Unternehmen-nehmen-am-spanisch-deutschen-Wirtschaftstreffen-5.webp 604w\" sizes=\"(max-width: 300px) 100vw, 300px\" \/><\/p>\n<p>El foro concluy\u00f3 con un almuerzo informal de networking, que permiti\u00f3 continuar el di\u00e1logo en un ambiente m\u00e1s distendido.<\/p>\n<p>&nbsp;<\/p>\n","protected":false},"excerpt":{"rendered":"<p>Este viernes, la localidad andaluza de Montilla acogi\u00f3 un foro empresarial bilateral en el que participaron alrededor de 50 empresarios de Alemania y de la provincia de C\u00f3rdoba. <\/p>\n","protected":false},"author":1,"featured_media":1775,"comment_status":"closed","ping_status":"closed","sticky":false,"template":"","format":"standard","meta":{"footnotes":""},"categories":[24],"tags":[],"class_list":["post-1785","post","type-post","status-publish","format-standard","has-post-thumbnail","hentry","category-noticias-es"],"_links":{"self":[{"href":"https:\/\/www.dw-a.es\/es\/wp-json\/wp\/v2\/posts\/1785","targetHints":{"allow":["GET"]}}],"collection":[{"href":"https:\/\/www.dw-a.es\/es\/wp-json\/wp\/v2\/posts"}],"about":[{"href":"https:\/\/www.dw-a.es\/es\/wp-json\/wp\/v2\/types\/post"}],"author":[{"embeddable":true,"href":"https:\/\/www.dw-a.es\/es\/wp-json\/wp\/v2\/users\/1"}],"replies":[{"embeddable":true,"href":"https:\/\/www.dw-a.es\/es\/wp-json\/wp\/v2\/comments?post=1785"}],"version-history":[{"count":6,"href":"https:\/\/www.dw-a.es\/es\/wp-json\/wp\/v2\/posts\/1785\/revisions"}],"predecessor-version":[{"id":1793,"href":"https:\/\/www.dw-a.es\/es\/wp-json\/wp\/v2\/posts\/1785\/revisions\/1793"}],"wp:featuredmedia":[{"embeddable":true,"href":"https:\/\/www.dw-a.es\/es\/wp-json\/wp\/v2\/media\/1775"}],"wp:attachment":[{"href":"https:\/\/www.dw-a.es\/es\/wp-json\/wp\/v2\/media?parent=1785"}],"wp:term":[{"taxonomy":"category","embeddable":true,"href":"https:\/\/www.dw-a.es\/es\/wp-json\/wp\/v2\/categories?post=1785"},{"taxonomy":"post_tag","embeddable":true,"href":"https:\/\/www.dw-a.es\/es\/wp-json\/wp\/v2\/tags?post=1785"}],"curies":[{"name":"wp","href":"https:\/\/api.w.org\/{rel}","templated":true}]}}